{"id":1505,"date":"2025-09-11T15:40:44","date_gmt":"2025-09-11T15:40:44","guid":{"rendered":"https:\/\/2.devbmr.cl\/?p=1505"},"modified":"2025-12-19T18:13:21","modified_gmt":"2025-12-19T21:13:21","slug":"epoca-de-floracion-en-el-agro-nacionalno-pierdas-el-trabajo-justo-cuando-empiezas-a-ver-sus-frutos","status":"publish","type":"post","link":"https:\/\/summit-agro.com\/cl\/epoca-de-floracion-en-el-agro-nacionalno-pierdas-el-trabajo-justo-cuando-empiezas-a-ver-sus-frutos\/","title":{"rendered":"\u00c9poca de floraci\u00f3n en el agro nacional: no pierdas el trabajo justo cuando empiezas a ver sus frutos"},"content":{"rendered":"\r\n<p><strong><em>\u00c9poca de floraci\u00f3n en el agro nacional: no pierdas el trabajo justo cuando empiezas a ver sus frutos: Llega la primavera y, con ella, los cultivos y las plantas se preparan para su fructificaci\u00f3n. Es tiempo de obtener seguridad, por lo que es fundamental un bactericida que d\u00e9 certezas a los agricultores chilenos.<\/em><\/strong><\/p>\r\n\r\n\r\n\r\n<p><strong>Septiembre de 2025.-<\/strong> El invierno queda atr\u00e1s para dar paso a la primavera, que comienza el 21 de septiembre. En el campo chileno, tambi\u00e9n empieza a formar parte del pasado el per\u00edodo de post-podas y arranca otra etapa clave en el proceso agr\u00edcola nacional.<\/p>\r\n\r\n\r\n\r\n<p>En el hemisferio sur y, por ende, en nuestro pa\u00eds, es una \u00e9poca de floraci\u00f3n, donde cultivos y plantas se preparan para su fructificaci\u00f3n. Se inicia el florecimiento, una temporada marcada por la nueva vida, pero, adem\u00e1s, por los resguardos que se deben tomar para que \u00e9sta se desarrolle sin inconvenientes.<\/p>\r\n\r\n\r\n\r\n<p>El mayor temor de los agricultores locales por estos d\u00edas es perder completa la inversi\u00f3n que hicieron para este a\u00f1o, donde, por ejemplo, la mosca de la fruta ha causado estragos. Por ello, no es tiempo de escatimar, sino de tener certezas y seguridades, la cual se obtiene mediante los bactericidas.<\/p>\r\n\r\n\r\n\r\n<p>Dentro del mercado, Agrygent Plus es el \u00fanico bactericida sist\u00e9mico que combina acci\u00f3n prolongada, alta residualidad, resistencia al lavado por lluvia y sinergia anti-resistencia. De esta manera, ofrece un control superior y seguro en el cultivo de alto valor, sin comprometer su exportaci\u00f3n.<\/p>\r\n\r\n\r\n\r\n<p>Este producto, entonces, est\u00e1 orientado principalmente a cerezos, otros carozos, avellanos, nogales y kiwis, a trav\u00e9s de un uso responsable, homologado y recomendado. De hecho, su aplicaci\u00f3n a\u00e9rea est\u00e1 validada, por lo que puede ser esparcido por los nuevos drones que acaban de aterrizar en Chile, el DJI Agras T70P y el DJI Agras T100.<\/p>\r\n\r\n\r\n\r\n<p>\u201cEl gran dolor de un agricultor ser\u00eda que pierda por completo todo el trabajo realizado, justo en el momento donde se empiezan a ver sus frutos\u201d, advierte Mart\u00edn Merino, presidente de Summit Agro Chile, multinacional japonesa perteneciente al grupo Sumitomo Corporation que provee Agrygent Plus a nivel local. \u201cCon esto prometemos seguridad premium y eficacia, en jornadas fundamentales para el agro dom\u00e9stico\u201d, complementa.<\/p>\r\n","protected":false},"excerpt":{"rendered":"<p>Llega la primavera y, con ella, los cultivos y las plantas se preparan para su fructificaci\u00f3n. Es tiempo de obtener seguridad, por lo que es fundamental un bactericida que d\u00e9 certezas a los agricultores chilenos.<\/p>\n","protected":false},"author":4,"featured_media":1506,"comment_status":"closed","ping_status":"closed","sticky":false,"template":"","format":"standard","meta":{"_acf_changed":false,"_joinchat":[],"footnotes":""},"categories":[26,25],"tags":[],"class_list":["post-1505","post","type-post","status-publish","format-standard","has-post-thumbnail","hentry","category-destacados","category-noticias"],"acf":[],"yoast_head":"<!-- This site is optimized with the Yoast SEO plugin v27.3 - https:\/\/yoast.com\/product\/yoast-seo-wordpress\/ -->\n<title>\u00c9poca floraci\u00f3n agro nacional: no pierdas cuando ves sus frutos.<\/title>\n<meta name=\"description\" content=\"Summit Agro - Venta y comercializaci\u00f3n de insumos agr\u00edcolas - Descubre soluciones para maximizar el rendimiento de cultivos en Chile.\" \/>\n<meta name=\"robots\" content=\"index, follow, max-snippet:-1, max-image-preview:large, max-video-preview:-1\" \/>\n<link rel=\"canonical\" href=\"https:\/\/summit-agro.com\/cl\/epoca-de-floracion-en-el-agro-nacionalno-pierdas-el-trabajo-justo-cuando-empiezas-a-ver-sus-frutos\/\" \/>\n<meta property=\"og:locale\" content=\"es_ES\" \/>\n<meta property=\"og:type\" content=\"article\" \/>\n<meta property=\"og:title\" content=\"\u00c9poca floraci\u00f3n agro nacional: no pierdas cuando ves sus frutos.\" \/>\n<meta property=\"og:description\" content=\"Summit Agro - Venta y comercializaci\u00f3n de insumos agr\u00edcolas - Descubre soluciones para maximizar el rendimiento de cultivos en Chile.\" \/>\n<meta property=\"og:url\" content=\"https:\/\/summit-agro.com\/cl\/epoca-de-floracion-en-el-agro-nacionalno-pierdas-el-trabajo-justo-cuando-empiezas-a-ver-sus-frutos\/\" \/>\n<meta property=\"og:site_name\" content=\"Summit Agro - Venta y comercializaci\u00f3n de insumos agr\u00edcolas\" \/>\n<meta property=\"article:published_time\" content=\"2025-09-11T15:40:44+00:00\" \/>\n<meta property=\"article:modified_time\" content=\"2025-12-19T21:13:21+00:00\" \/>\n<meta property=\"og:image\" content=\"https:\/\/summit-agro.com\/cl\/wp-content\/uploads\/2025\/09\/Foto-drones-2.jpeg\" \/>\n\t<meta property=\"og:image:width\" content=\"1440\" \/>\n\t<meta property=\"og:image:height\" content=\"1080\" \/>\n\t<meta property=\"og:image:type\" content=\"image\/jpeg\" \/>\n<meta name=\"author\" content=\"Benjamin Spencer Rodriguez Agencia Digital Multimedia BSR.CL\" \/>\n<meta name=\"twitter:card\" content=\"summary_large_image\" \/>\n<meta name=\"twitter:label1\" content=\"Escrito por\" \/>\n\t<meta name=\"twitter:data1\" content=\"Benjamin Spencer Rodriguez Agencia Digital Multimedia BSR.CL\" \/>\n\t<meta name=\"twitter:label2\" content=\"Tiempo de lectura\" \/>\n\t<meta name=\"twitter:data2\" content=\"2 minutos\" \/>\n<script type=\"application\/ld+json\" class=\"yoast-schema-graph\">{\"@context\":\"https:\\\/\\\/schema.org\",\"@graph\":[{\"@type\":\"Article\",\"@id\":\"https:\\\/\\\/summit-agro.com\\\/cl\\\/epoca-de-floracion-en-el-agro-nacionalno-pierdas-el-trabajo-justo-cuando-empiezas-a-ver-sus-frutos\\\/#article\",\"isPartOf\":{\"@id\":\"https:\\\/\\\/summit-agro.com\\\/cl\\\/epoca-de-floracion-en-el-agro-nacionalno-pierdas-el-trabajo-justo-cuando-empiezas-a-ver-sus-frutos\\\/\"},\"author\":{\"name\":\"Benjamin Spencer Rodriguez Agencia Digital Multimedia BSR.CL\",\"@id\":\"https:\\\/\\\/summit-agro.com\\\/cl\\\/#\\\/schema\\\/person\\\/eadb7f801ec1e7a1e79fd3aeff8487a4\"},\"headline\":\"\u00c9poca de floraci\u00f3n en el agro nacional: no pierdas el trabajo justo cuando empiezas a ver sus frutos\",\"datePublished\":\"2025-09-11T15:40:44+00:00\",\"dateModified\":\"2025-12-19T21:13:21+00:00\",\"mainEntityOfPage\":{\"@id\":\"https:\\\/\\\/summit-agro.com\\\/cl\\\/epoca-de-floracion-en-el-agro-nacionalno-pierdas-el-trabajo-justo-cuando-empiezas-a-ver-sus-frutos\\\/\"},\"wordCount\":401,\"publisher\":{\"@id\":\"https:\\\/\\\/summit-agro.com\\\/cl\\\/#organization\"},\"image\":{\"@id\":\"https:\\\/\\\/summit-agro.com\\\/cl\\\/epoca-de-floracion-en-el-agro-nacionalno-pierdas-el-trabajo-justo-cuando-empiezas-a-ver-sus-frutos\\\/#primaryimage\"},\"thumbnailUrl\":\"https:\\\/\\\/summit-agro.com\\\/cl\\\/wp-content\\\/uploads\\\/2025\\\/09\\\/Foto-drones-2.jpeg\",\"articleSection\":[\"Destacados\",\"Noticias\"],\"inLanguage\":\"es\"},{\"@type\":\"WebPage\",\"@id\":\"https:\\\/\\\/summit-agro.com\\\/cl\\\/epoca-de-floracion-en-el-agro-nacionalno-pierdas-el-trabajo-justo-cuando-empiezas-a-ver-sus-frutos\\\/\",\"url\":\"https:\\\/\\\/summit-agro.com\\\/cl\\\/epoca-de-floracion-en-el-agro-nacionalno-pierdas-el-trabajo-justo-cuando-empiezas-a-ver-sus-frutos\\\/\",\"name\":\"\u00c9poca floraci\u00f3n agro nacional: no pierdas cuando ves sus frutos.\",\"isPartOf\":{\"@id\":\"https:\\\/\\\/summit-agro.com\\\/cl\\\/#website\"},\"primaryImageOfPage\":{\"@id\":\"https:\\\/\\\/summit-agro.com\\\/cl\\\/epoca-de-floracion-en-el-agro-nacionalno-pierdas-el-trabajo-justo-cuando-empiezas-a-ver-sus-frutos\\\/#primaryimage\"},\"image\":{\"@id\":\"https:\\\/\\\/summit-agro.com\\\/cl\\\/epoca-de-floracion-en-el-agro-nacionalno-pierdas-el-trabajo-justo-cuando-empiezas-a-ver-sus-frutos\\\/#primaryimage\"},\"thumbnailUrl\":\"https:\\\/\\\/summit-agro.com\\\/cl\\\/wp-content\\\/uploads\\\/2025\\\/09\\\/Foto-drones-2.jpeg\",\"datePublished\":\"2025-09-11T15:40:44+00:00\",\"dateModified\":\"2025-12-19T21:13:21+00:00\",\"description\":\"Summit Agro - Venta y comercializaci\u00f3n de insumos agr\u00edcolas - Descubre soluciones para maximizar el rendimiento de cultivos en Chile.\",\"breadcrumb\":{\"@id\":\"https:\\\/\\\/summit-agro.com\\\/cl\\\/epoca-de-floracion-en-el-agro-nacionalno-pierdas-el-trabajo-justo-cuando-empiezas-a-ver-sus-frutos\\\/#breadcrumb\"},\"inLanguage\":\"es\",\"potentialAction\":[{\"@type\":\"ReadAction\",\"target\":[\"https:\\\/\\\/summit-agro.com\\\/cl\\\/epoca-de-floracion-en-el-agro-nacionalno-pierdas-el-trabajo-justo-cuando-empiezas-a-ver-sus-frutos\\\/\"]}]},{\"@type\":\"ImageObject\",\"inLanguage\":\"es\",\"@id\":\"https:\\\/\\\/summit-agro.com\\\/cl\\\/epoca-de-floracion-en-el-agro-nacionalno-pierdas-el-trabajo-justo-cuando-empiezas-a-ver-sus-frutos\\\/#primaryimage\",\"url\":\"https:\\\/\\\/summit-agro.com\\\/cl\\\/wp-content\\\/uploads\\\/2025\\\/09\\\/Foto-drones-2.jpeg\",\"contentUrl\":\"https:\\\/\\\/summit-agro.com\\\/cl\\\/wp-content\\\/uploads\\\/2025\\\/09\\\/Foto-drones-2.jpeg\",\"width\":1440,\"height\":1080,\"caption\":\"\u00c9poca de floraci\u00f3n en el agro nacional: no pierdas el trabajo justo cuando empiezas a ver sus frutos\"},{\"@type\":\"BreadcrumbList\",\"@id\":\"https:\\\/\\\/summit-agro.com\\\/cl\\\/epoca-de-floracion-en-el-agro-nacionalno-pierdas-el-trabajo-justo-cuando-empiezas-a-ver-sus-frutos\\\/#breadcrumb\",\"itemListElement\":[{\"@type\":\"ListItem\",\"position\":1,\"name\":\"Portada\",\"item\":\"https:\\\/\\\/summit-agro.com\\\/cl\\\/\"},{\"@type\":\"ListItem\",\"position\":2,\"name\":\"\u00c9poca de floraci\u00f3n en el agro nacional: no pierdas el trabajo justo cuando empiezas a ver sus frutos\"}]},{\"@type\":\"WebSite\",\"@id\":\"https:\\\/\\\/summit-agro.com\\\/cl\\\/#website\",\"url\":\"https:\\\/\\\/summit-agro.com\\\/cl\\\/\",\"name\":\"Summit Agro Chile - Venta y comercializaci\u00f3n de insumos agr\u00edcolas\",\"description\":\"Venta y comercializaci\u00f3n de insumos agr\u00edcolas\",\"publisher\":{\"@id\":\"https:\\\/\\\/summit-agro.com\\\/cl\\\/#organization\"},\"alternateName\":\"Summit Agro Chile\",\"potentialAction\":[{\"@type\":\"SearchAction\",\"target\":{\"@type\":\"EntryPoint\",\"urlTemplate\":\"https:\\\/\\\/summit-agro.com\\\/cl\\\/?s={search_term_string}\"},\"query-input\":{\"@type\":\"PropertyValueSpecification\",\"valueRequired\":true,\"valueName\":\"search_term_string\"}}],\"inLanguage\":\"es\"},{\"@type\":\"Organization\",\"@id\":\"https:\\\/\\\/summit-agro.com\\\/cl\\\/#organization\",\"name\":\"Summit Agro Chile - Venta y comercializaci\u00f3n de insumos agr\u00edcolas\",\"alternateName\":\"Summit Agro Chile\",\"url\":\"https:\\\/\\\/summit-agro.com\\\/cl\\\/\",\"logo\":{\"@type\":\"ImageObject\",\"inLanguage\":\"es\",\"@id\":\"https:\\\/\\\/summit-agro.com\\\/cl\\\/#\\\/schema\\\/logo\\\/image\\\/\",\"url\":\"https:\\\/\\\/summit-agro.com\\\/cl\\\/wp-content\\\/uploads\\\/2025\\\/10\\\/SummitAgro-logo-favicon.png\",\"contentUrl\":\"https:\\\/\\\/summit-agro.com\\\/cl\\\/wp-content\\\/uploads\\\/2025\\\/10\\\/SummitAgro-logo-favicon.png\",\"width\":512,\"height\":512,\"caption\":\"Summit Agro Chile - Venta y comercializaci\u00f3n de insumos agr\u00edcolas\"},\"image\":{\"@id\":\"https:\\\/\\\/summit-agro.com\\\/cl\\\/#\\\/schema\\\/logo\\\/image\\\/\"}},{\"@type\":\"Person\",\"@id\":\"https:\\\/\\\/summit-agro.com\\\/cl\\\/#\\\/schema\\\/person\\\/eadb7f801ec1e7a1e79fd3aeff8487a4\",\"name\":\"Benjamin Spencer Rodriguez Agencia Digital Multimedia BSR.CL\",\"image\":{\"@type\":\"ImageObject\",\"inLanguage\":\"es\",\"@id\":\"https:\\\/\\\/secure.gravatar.com\\\/avatar\\\/76b0498b09f0d63452b99d8146f2342a472088ffff5bc27de6aae09fdbf957e8?s=96&d=mm&r=g\",\"url\":\"https:\\\/\\\/secure.gravatar.com\\\/avatar\\\/76b0498b09f0d63452b99d8146f2342a472088ffff5bc27de6aae09fdbf957e8?s=96&d=mm&r=g\",\"contentUrl\":\"https:\\\/\\\/secure.gravatar.com\\\/avatar\\\/76b0498b09f0d63452b99d8146f2342a472088ffff5bc27de6aae09fdbf957e8?s=96&d=mm&r=g\",\"caption\":\"Benjamin Spencer Rodriguez Agencia Digital Multimedia BSR.CL\"},\"sameAs\":[\"https:\\\/\\\/www.bsr.cl\"]}]}<\/script>\n<!-- \/ Yoast SEO plugin. -->","yoast_head_json":{"title":"\u00c9poca floraci\u00f3n agro nacional: no pierdas cuando ves sus frutos.","description":"Summit Agro - Venta y comercializaci\u00f3n de insumos agr\u00edcolas - Descubre soluciones para maximizar el rendimiento de cultivos en Chile.","robots":{"index":"index","follow":"follow","max-snippet":"max-snippet:-1","max-image-preview":"max-image-preview:large","max-video-preview":"max-video-preview:-1"},"canonical":"https:\/\/summit-agro.com\/cl\/epoca-de-floracion-en-el-agro-nacionalno-pierdas-el-trabajo-justo-cuando-empiezas-a-ver-sus-frutos\/","og_locale":"es_ES","og_type":"article","og_title":"\u00c9poca floraci\u00f3n agro nacional: no pierdas cuando ves sus frutos.","og_description":"Summit Agro - Venta y comercializaci\u00f3n de insumos agr\u00edcolas - Descubre soluciones para maximizar el rendimiento de cultivos en Chile.","og_url":"https:\/\/summit-agro.com\/cl\/epoca-de-floracion-en-el-agro-nacionalno-pierdas-el-trabajo-justo-cuando-empiezas-a-ver-sus-frutos\/","og_site_name":"Summit Agro - Venta y comercializaci\u00f3n de insumos agr\u00edcolas","article_published_time":"2025-09-11T15:40:44+00:00","article_modified_time":"2025-12-19T21:13:21+00:00","og_image":[{"width":1440,"height":1080,"url":"https:\/\/summit-agro.com\/cl\/wp-content\/uploads\/2025\/09\/Foto-drones-2.jpeg","type":"image\/jpeg"}],"author":"Benjamin Spencer Rodriguez Agencia Digital Multimedia BSR.CL","twitter_card":"summary_large_image","twitter_misc":{"Escrito por":"Benjamin Spencer Rodriguez Agencia Digital Multimedia BSR.CL","Tiempo de lectura":"2 minutos"},"schema":{"@context":"https:\/\/schema.org","@graph":[{"@type":"Article","@id":"https:\/\/summit-agro.com\/cl\/epoca-de-floracion-en-el-agro-nacionalno-pierdas-el-trabajo-justo-cuando-empiezas-a-ver-sus-frutos\/#article","isPartOf":{"@id":"https:\/\/summit-agro.com\/cl\/epoca-de-floracion-en-el-agro-nacionalno-pierdas-el-trabajo-justo-cuando-empiezas-a-ver-sus-frutos\/"},"author":{"name":"Benjamin Spencer Rodriguez Agencia Digital Multimedia BSR.CL","@id":"https:\/\/summit-agro.com\/cl\/#\/schema\/person\/eadb7f801ec1e7a1e79fd3aeff8487a4"},"headline":"\u00c9poca de floraci\u00f3n en el agro nacional: no pierdas el trabajo justo cuando empiezas a ver sus frutos","datePublished":"2025-09-11T15:40:44+00:00","dateModified":"2025-12-19T21:13:21+00:00","mainEntityOfPage":{"@id":"https:\/\/summit-agro.com\/cl\/epoca-de-floracion-en-el-agro-nacionalno-pierdas-el-trabajo-justo-cuando-empiezas-a-ver-sus-frutos\/"},"wordCount":401,"publisher":{"@id":"https:\/\/summit-agro.com\/cl\/#organization"},"image":{"@id":"https:\/\/summit-agro.com\/cl\/epoca-de-floracion-en-el-agro-nacionalno-pierdas-el-trabajo-justo-cuando-empiezas-a-ver-sus-frutos\/#primaryimage"},"thumbnailUrl":"https:\/\/summit-agro.com\/cl\/wp-content\/uploads\/2025\/09\/Foto-drones-2.jpeg","articleSection":["Destacados","Noticias"],"inLanguage":"es"},{"@type":"WebPage","@id":"https:\/\/summit-agro.com\/cl\/epoca-de-floracion-en-el-agro-nacionalno-pierdas-el-trabajo-justo-cuando-empiezas-a-ver-sus-frutos\/","url":"https:\/\/summit-agro.com\/cl\/epoca-de-floracion-en-el-agro-nacionalno-pierdas-el-trabajo-justo-cuando-empiezas-a-ver-sus-frutos\/","name":"\u00c9poca floraci\u00f3n agro nacional: no pierdas cuando ves sus frutos.","isPartOf":{"@id":"https:\/\/summit-agro.com\/cl\/#website"},"primaryImageOfPage":{"@id":"https:\/\/summit-agro.com\/cl\/epoca-de-floracion-en-el-agro-nacionalno-pierdas-el-trabajo-justo-cuando-empiezas-a-ver-sus-frutos\/#primaryimage"},"image":{"@id":"https:\/\/summit-agro.com\/cl\/epoca-de-floracion-en-el-agro-nacionalno-pierdas-el-trabajo-justo-cuando-empiezas-a-ver-sus-frutos\/#primaryimage"},"thumbnailUrl":"https:\/\/summit-agro.com\/cl\/wp-content\/uploads\/2025\/09\/Foto-drones-2.jpeg","datePublished":"2025-09-11T15:40:44+00:00","dateModified":"2025-12-19T21:13:21+00:00","description":"Summit Agro - Venta y comercializaci\u00f3n de insumos agr\u00edcolas - Descubre soluciones para maximizar el rendimiento de cultivos en Chile.","breadcrumb":{"@id":"https:\/\/summit-agro.com\/cl\/epoca-de-floracion-en-el-agro-nacionalno-pierdas-el-trabajo-justo-cuando-empiezas-a-ver-sus-frutos\/#breadcrumb"},"inLanguage":"es","potentialAction":[{"@type":"ReadAction","target":["https:\/\/summit-agro.com\/cl\/epoca-de-floracion-en-el-agro-nacionalno-pierdas-el-trabajo-justo-cuando-empiezas-a-ver-sus-frutos\/"]}]},{"@type":"ImageObject","inLanguage":"es","@id":"https:\/\/summit-agro.com\/cl\/epoca-de-floracion-en-el-agro-nacionalno-pierdas-el-trabajo-justo-cuando-empiezas-a-ver-sus-frutos\/#primaryimage","url":"https:\/\/summit-agro.com\/cl\/wp-content\/uploads\/2025\/09\/Foto-drones-2.jpeg","contentUrl":"https:\/\/summit-agro.com\/cl\/wp-content\/uploads\/2025\/09\/Foto-drones-2.jpeg","width":1440,"height":1080,"caption":"\u00c9poca de floraci\u00f3n en el agro nacional: no pierdas el trabajo justo cuando empiezas a ver sus frutos"},{"@type":"BreadcrumbList","@id":"https:\/\/summit-agro.com\/cl\/epoca-de-floracion-en-el-agro-nacionalno-pierdas-el-trabajo-justo-cuando-empiezas-a-ver-sus-frutos\/#breadcrumb","itemListElement":[{"@type":"ListItem","position":1,"name":"Portada","item":"https:\/\/summit-agro.com\/cl\/"},{"@type":"ListItem","position":2,"name":"\u00c9poca de floraci\u00f3n en el agro nacional: no pierdas el trabajo justo cuando empiezas a ver sus frutos"}]},{"@type":"WebSite","@id":"https:\/\/summit-agro.com\/cl\/#website","url":"https:\/\/summit-agro.com\/cl\/","name":"Summit Agro Chile - Venta y comercializaci\u00f3n de insumos agr\u00edcolas","description":"Venta y comercializaci\u00f3n de insumos agr\u00edcolas","publisher":{"@id":"https:\/\/summit-agro.com\/cl\/#organization"},"alternateName":"Summit Agro Chile","potentialAction":[{"@type":"SearchAction","target":{"@type":"EntryPoint","urlTemplate":"https:\/\/summit-agro.com\/cl\/?s={search_term_string}"},"query-input":{"@type":"PropertyValueSpecification","valueRequired":true,"valueName":"search_term_string"}}],"inLanguage":"es"},{"@type":"Organization","@id":"https:\/\/summit-agro.com\/cl\/#organization","name":"Summit Agro Chile - Venta y comercializaci\u00f3n de insumos agr\u00edcolas","alternateName":"Summit Agro Chile","url":"https:\/\/summit-agro.com\/cl\/","logo":{"@type":"ImageObject","inLanguage":"es","@id":"https:\/\/summit-agro.com\/cl\/#\/schema\/logo\/image\/","url":"https:\/\/summit-agro.com\/cl\/wp-content\/uploads\/2025\/10\/SummitAgro-logo-favicon.png","contentUrl":"https:\/\/summit-agro.com\/cl\/wp-content\/uploads\/2025\/10\/SummitAgro-logo-favicon.png","width":512,"height":512,"caption":"Summit Agro Chile - Venta y comercializaci\u00f3n de insumos agr\u00edcolas"},"image":{"@id":"https:\/\/summit-agro.com\/cl\/#\/schema\/logo\/image\/"}},{"@type":"Person","@id":"https:\/\/summit-agro.com\/cl\/#\/schema\/person\/eadb7f801ec1e7a1e79fd3aeff8487a4","name":"Benjamin Spencer Rodriguez Agencia Digital Multimedia BSR.CL","image":{"@type":"ImageObject","inLanguage":"es","@id":"https:\/\/secure.gravatar.com\/avatar\/76b0498b09f0d63452b99d8146f2342a472088ffff5bc27de6aae09fdbf957e8?s=96&d=mm&r=g","url":"https:\/\/secure.gravatar.com\/avatar\/76b0498b09f0d63452b99d8146f2342a472088ffff5bc27de6aae09fdbf957e8?s=96&d=mm&r=g","contentUrl":"https:\/\/secure.gravatar.com\/avatar\/76b0498b09f0d63452b99d8146f2342a472088ffff5bc27de6aae09fdbf957e8?s=96&d=mm&r=g","caption":"Benjamin Spencer Rodriguez Agencia Digital Multimedia BSR.CL"},"sameAs":["https:\/\/www.bsr.cl"]}]}},"_links":{"self":[{"href":"https:\/\/summit-agro.com\/cl\/wp-json\/wp\/v2\/posts\/1505","targetHints":{"allow":["GET"]}}],"collection":[{"href":"https:\/\/summit-agro.com\/cl\/wp-json\/wp\/v2\/posts"}],"about":[{"href":"https:\/\/summit-agro.com\/cl\/wp-json\/wp\/v2\/types\/post"}],"author":[{"embeddable":true,"href":"https:\/\/summit-agro.com\/cl\/wp-json\/wp\/v2\/users\/4"}],"replies":[{"embeddable":true,"href":"https:\/\/summit-agro.com\/cl\/wp-json\/wp\/v2\/comments?post=1505"}],"version-history":[{"count":3,"href":"https:\/\/summit-agro.com\/cl\/wp-json\/wp\/v2\/posts\/1505\/revisions"}],"predecessor-version":[{"id":3325,"href":"https:\/\/summit-agro.com\/cl\/wp-json\/wp\/v2\/posts\/1505\/revisions\/3325"}],"wp:featuredmedia":[{"embeddable":true,"href":"https:\/\/summit-agro.com\/cl\/wp-json\/wp\/v2\/media\/1506"}],"wp:attachment":[{"href":"https:\/\/summit-agro.com\/cl\/wp-json\/wp\/v2\/media?parent=1505"}],"wp:term":[{"taxonomy":"category","embeddable":true,"href":"https:\/\/summit-agro.com\/cl\/wp-json\/wp\/v2\/categories?post=1505"},{"taxonomy":"post_tag","embeddable":true,"href":"https:\/\/summit-agro.com\/cl\/wp-json\/wp\/v2\/tags?post=1505"}],"curies":[{"name":"wp","href":"https:\/\/api.w.org\/{rel}","templated":true}]}}